{"id":386,"date":"2021-01-26T15:28:24","date_gmt":"2021-01-26T14:28:24","guid":{"rendered":"https:\/\/reflexaude.fr\/?p=386"},"modified":"2024-12-11T21:31:02","modified_gmt":"2024-12-11T20:31:02","slug":"carte-cadeau-pour-seance-de-reflexologie-plantaire","status":"publish","type":"post","link":"https:\/\/reflexaude.fr\/index.php\/2021\/01\/26\/carte-cadeau-pour-seance-de-reflexologie-plantaire\/","title":{"rendered":"Carte Cadeau pour S\u00e9ance de R\u00e9flexologie"},"content":{"rendered":"\n<p>La bonne id\u00e9e qui change et qui fait plaisir &#8230; offrez une carte cadeau pour une s\u00e9ance de r\u00e9flexologie plantaire ! <\/p>\n\n\n\n<p>Une d\u00e9tente profonde assur\u00e9e !<\/p>\n\n\n\n<p>Un cadeau 100% mieux-\u00eatre, 100% \u00e9thique et 100% \u00e9cologique pour g\u00e2ter vos proches !<\/p>\n\n\n\n<p>Offrir une s\u00e9ance de r\u00e9flexologie est toujours tr\u00e8s appr\u00e9ci\u00e9e : No\u00ebl, Cadeau de naissance, Anniversaire, Saint Valentin, p\u00e9riode d&rsquo;exams, F\u00eate des M\u00e8res, F\u00eate des P\u00e8res, &#8230; Toute occasion est bonne !<\/p>\n\n\n\n<p><\/p>\n\n\n<div class=\"wp-block-image\">\n<figure class=\"aligncenter size-large is-resized\"><img loading=\"lazy\" decoding=\"async\" width=\"1024\" height=\"726\" src=\"https:\/\/reflexaude.fr\/wp-content\/uploads\/2020\/11\/Aude-Verniers-reflexologue-marcq-carte-cadeau-1024x726.png\" alt=\"Aude Verniers reflexologie marcq carte cadeau\" class=\"wp-image-1060\" style=\"width:309px;height:auto\" srcset=\"https:\/\/reflexaude.fr\/wp-content\/uploads\/2020\/11\/Aude-Verniers-reflexologue-marcq-carte-cadeau-1024x726.png 1024w, https:\/\/reflexaude.fr\/wp-content\/uploads\/2020\/11\/Aude-Verniers-reflexologue-marcq-carte-cadeau-300x213.png 300w, https:\/\/reflexaude.fr\/wp-content\/uploads\/2020\/11\/Aude-Verniers-reflexologue-marcq-carte-cadeau-768x545.png 768w, https:\/\/reflexaude.fr\/wp-content\/uploads\/2020\/11\/Aude-Verniers-reflexologue-marcq-carte-cadeau-85x60.png 85w, https:\/\/reflexaude.fr\/wp-content\/uploads\/2020\/11\/Aude-Verniers-reflexologue-marcq-carte-cadeau.png 1200w\" sizes=\"auto, (max-width: 1024px) 100vw, 1024px\" \/><\/figure>\n<\/div>\n\n\n<p> <strong>Comment commander une carte cadeau ?<\/strong><\/p>\n\n\n\n<p>Une carte cadeau pour une s\u00e9ance de r\u00e9flexologie est au tarif de 65\u20ac (55\u20ac pour enfant ou \u00e9tudiant)<\/p>\n\n\n\n<p><\/p>\n\n\n\n<p>La carte cadeau est valable 9 mois (voire plus selon situation sanitaire)<\/p>\n\n\n\n<p>Apr\u00e8s r\u00e9ception du paiement (par ch\u00e8que ou virement), la carte cadeau sera transmise par mail en version num\u00e9rique, ou par courrier en version papier selon votre pr\u00e9f\u00e9rence.<\/p>\n\n\n\n<p><\/p>\n\n\n\n<p>Pour commander une Carte Cadeau, contactez-moi :<\/p>\n\n\n\n<p>&nbsp;<strong>reflexaude@hotmail.com<\/strong>&nbsp;       &nbsp;<strong>06 23 98 33 83<\/strong><\/p>\n\n\n\n<p>(Pour plus d\u2019infos, voir onglet&nbsp;<a href=\"https:\/\/reflexaude.fr\/index.php\/seance-reflexo\/\"><strong>S\u00e9ances<\/strong><\/a>&nbsp;et&nbsp;<a href=\"https:\/\/reflexaude.fr\/index.php\/reflexologie-en-savoir\/\"><strong>R\u00e9flexo \u2013 en savoir +&nbsp;<\/strong><\/a>)<\/p>\n\n\n\n<p>Ne ratez rien de mes actualit\u00e9s, suivez-moi sur les r\u00e9seaux ! <\/p>\n\n\n\n<p>Instagram : <a href=\"https:\/\/www.instagram.com\/reflexaude\/\">@reflexaude<\/a>     Facebook : <a href=\"https:\/\/www.facebook.com\/audeverniersreflexologue\/\">Aude Verniers R\u00e9flexologue<\/a> <\/p>\n","protected":false},"excerpt":{"rendered":"<p>La bonne id\u00e9e cadeau qui change et qui fait plaisir &#8230;<br \/>\nOffrez une S\u00e9ance ou un Atelier en R\u00e9flexologie !<\/p>\n","protected":false},"author":1,"featured_media":1060,"comment_status":"closed","ping_status":"closed","sticky":false,"template":"","format":"standard","meta":{"footnotes":""},"categories":[7],"tags":[],"class_list":["post-386","post","type-post","status-publish","format-standard","has-post-thumbnail","hentry","category-7"],"yoast_head":"<!-- This site is optimized with the Yoast SEO plugin v24.9 - https:\/\/yoast.com\/wordpress\/plugins\/seo\/ -->\n<title>Carte Cadeau pour s\u00e9ance de R\u00e9flexologie Plantaire<\/title>\n<meta name=\"description\" content=\"La bonne id\u00e9e : Offrez du mieux \u00eatre \u00e0 vos proches ! Commandez une carte cadeau pour une s\u00e9ance de r\u00e9flexologie sans bouger de chez vous !\" \/>\n<meta name=\"robots\" content=\"index, follow, max-snippet:-1, max-image-preview:large, max-video-preview:-1\" \/>\n<link rel=\"canonical\" href=\"https:\/\/reflexaude.fr\/index.php\/2021\/01\/26\/carte-cadeau-pour-seance-de-reflexologie-plantaire\/\" \/>\n<meta property=\"og:locale\" content=\"fr_FR\" \/>\n<meta property=\"og:type\" content=\"article\" \/>\n<meta property=\"og:title\" content=\"Carte Cadeau pour s\u00e9ance de R\u00e9flexologie Plantaire\" \/>\n<meta property=\"og:description\" content=\"La bonne id\u00e9e : Offrez du mieux \u00eatre \u00e0 vos proches ! Commandez une carte cadeau pour une s\u00e9ance de r\u00e9flexologie sans bouger de chez vous !\" \/>\n<meta property=\"og:url\" content=\"https:\/\/reflexaude.fr\/index.php\/2021\/01\/26\/carte-cadeau-pour-seance-de-reflexologie-plantaire\/\" \/>\n<meta property=\"og:site_name\" content=\"Se ressourcer et repartir plus en confiance !\" \/>\n<meta property=\"article:author\" content=\"https:\/\/www.facebook.com\/audeverniersreflexologue\" \/>\n<meta property=\"article:published_time\" content=\"2021-01-26T14:28:24+00:00\" \/>\n<meta property=\"article:modified_time\" content=\"2024-12-11T20:31:02+00:00\" \/>\n<meta property=\"og:image\" content=\"https:\/\/reflexaude.fr\/wp-content\/uploads\/2020\/11\/Aude-Verniers-reflexologue-marcq-carte-cadeau.png\" \/>\n\t<meta property=\"og:image:width\" content=\"1200\" \/>\n\t<meta property=\"og:image:height\" content=\"851\" \/>\n\t<meta property=\"og:image:type\" content=\"image\/png\" \/>\n<meta name=\"author\" content=\"admin3104\" \/>\n<meta name=\"twitter:card\" content=\"summary_large_image\" \/>\n<meta name=\"twitter:label1\" content=\"\u00c9crit par\" \/>\n\t<meta name=\"twitter:data1\" content=\"admin3104\" \/>\n\t<meta name=\"twitter:label2\" content=\"Dur\u00e9e de lecture estim\u00e9e\" \/>\n\t<meta name=\"twitter:data2\" content=\"2 minutes\" \/>\n<script type=\"application\/ld+json\" class=\"yoast-schema-graph\">{\"@context\":\"https:\/\/schema.org\",\"@graph\":[{\"@type\":\"Article\",\"@id\":\"https:\/\/reflexaude.fr\/index.php\/2021\/01\/26\/carte-cadeau-pour-seance-de-reflexologie-plantaire\/#article\",\"isPartOf\":{\"@id\":\"https:\/\/reflexaude.fr\/index.php\/2021\/01\/26\/carte-cadeau-pour-seance-de-reflexologie-plantaire\/\"},\"author\":{\"name\":\"admin3104\",\"@id\":\"https:\/\/reflexaude.fr\/#\/schema\/person\/ae946661af4f7c2efc48879682dbc692\"},\"headline\":\"Carte Cadeau pour S\u00e9ance de R\u00e9flexologie\",\"datePublished\":\"2021-01-26T14:28:24+00:00\",\"dateModified\":\"2024-12-11T20:31:02+00:00\",\"mainEntityOfPage\":{\"@id\":\"https:\/\/reflexaude.fr\/index.php\/2021\/01\/26\/carte-cadeau-pour-seance-de-reflexologie-plantaire\/\"},\"wordCount\":202,\"publisher\":{\"@id\":\"https:\/\/reflexaude.fr\/#organization\"},\"image\":{\"@id\":\"https:\/\/reflexaude.fr\/index.php\/2021\/01\/26\/carte-cadeau-pour-seance-de-reflexologie-plantaire\/#primaryimage\"},\"thumbnailUrl\":\"https:\/\/reflexaude.fr\/wp-content\/uploads\/2020\/11\/Aude-Verniers-reflexologue-marcq-carte-cadeau.png\",\"articleSection\":[\"3\"],\"inLanguage\":\"fr-FR\"},{\"@type\":\"WebPage\",\"@id\":\"https:\/\/reflexaude.fr\/index.php\/2021\/01\/26\/carte-cadeau-pour-seance-de-reflexologie-plantaire\/\",\"url\":\"https:\/\/reflexaude.fr\/index.php\/2021\/01\/26\/carte-cadeau-pour-seance-de-reflexologie-plantaire\/\",\"name\":\"Carte Cadeau pour s\u00e9ance de R\u00e9flexologie Plantaire\",\"isPartOf\":{\"@id\":\"https:\/\/reflexaude.fr\/#website\"},\"primaryImageOfPage\":{\"@id\":\"https:\/\/reflexaude.fr\/index.php\/2021\/01\/26\/carte-cadeau-pour-seance-de-reflexologie-plantaire\/#primaryimage\"},\"image\":{\"@id\":\"https:\/\/reflexaude.fr\/index.php\/2021\/01\/26\/carte-cadeau-pour-seance-de-reflexologie-plantaire\/#primaryimage\"},\"thumbnailUrl\":\"https:\/\/reflexaude.fr\/wp-content\/uploads\/2020\/11\/Aude-Verniers-reflexologue-marcq-carte-cadeau.png\",\"datePublished\":\"2021-01-26T14:28:24+00:00\",\"dateModified\":\"2024-12-11T20:31:02+00:00\",\"description\":\"La bonne id\u00e9e : Offrez du mieux \u00eatre \u00e0 vos proches ! Commandez une carte cadeau pour une s\u00e9ance de r\u00e9flexologie sans bouger de chez vous !\",\"breadcrumb\":{\"@id\":\"https:\/\/reflexaude.fr\/index.php\/2021\/01\/26\/carte-cadeau-pour-seance-de-reflexologie-plantaire\/#breadcrumb\"},\"inLanguage\":\"fr-FR\",\"potentialAction\":[{\"@type\":\"ReadAction\",\"target\":[\"https:\/\/reflexaude.fr\/index.php\/2021\/01\/26\/carte-cadeau-pour-seance-de-reflexologie-plantaire\/\"]}]},{\"@type\":\"ImageObject\",\"inLanguage\":\"fr-FR\",\"@id\":\"https:\/\/reflexaude.fr\/index.php\/2021\/01\/26\/carte-cadeau-pour-seance-de-reflexologie-plantaire\/#primaryimage\",\"url\":\"https:\/\/reflexaude.fr\/wp-content\/uploads\/2020\/11\/Aude-Verniers-reflexologue-marcq-carte-cadeau.png\",\"contentUrl\":\"https:\/\/reflexaude.fr\/wp-content\/uploads\/2020\/11\/Aude-Verniers-reflexologue-marcq-carte-cadeau.png\",\"width\":1200,\"height\":851,\"caption\":\"Aude Verniers reflexologie marcq carte cadeau\"},{\"@type\":\"BreadcrumbList\",\"@id\":\"https:\/\/reflexaude.fr\/index.php\/2021\/01\/26\/carte-cadeau-pour-seance-de-reflexologie-plantaire\/#breadcrumb\",\"itemListElement\":[{\"@type\":\"ListItem\",\"position\":1,\"name\":\"Accueil\",\"item\":\"https:\/\/reflexaude.fr\/\"},{\"@type\":\"ListItem\",\"position\":2,\"name\":\"Carte Cadeau pour S\u00e9ance de R\u00e9flexologie\"}]},{\"@type\":\"WebSite\",\"@id\":\"https:\/\/reflexaude.fr\/#website\",\"url\":\"https:\/\/reflexaude.fr\/\",\"name\":\"Se ressourcer et repartir plus en confiance !\",\"description\":\"Cabinet R\u00e9flexaude - Marcq en Baroeul\",\"publisher\":{\"@id\":\"https:\/\/reflexaude.fr\/#organization\"},\"potentialAction\":[{\"@type\":\"SearchAction\",\"target\":{\"@type\":\"EntryPoint\",\"urlTemplate\":\"https:\/\/reflexaude.fr\/?s={search_term_string}\"},\"query-input\":{\"@type\":\"PropertyValueSpecification\",\"valueRequired\":true,\"valueName\":\"search_term_string\"}}],\"inLanguage\":\"fr-FR\"},{\"@type\":\"Organization\",\"@id\":\"https:\/\/reflexaude.fr\/#organization\",\"name\":\"Se ressourcer et repartir plus en confiance !\",\"url\":\"https:\/\/reflexaude.fr\/\",\"logo\":{\"@type\":\"ImageObject\",\"inLanguage\":\"fr-FR\",\"@id\":\"https:\/\/reflexaude.fr\/#\/schema\/logo\/image\/\",\"url\":\"https:\/\/reflexaude.fr\/wp-content\/uploads\/2024\/02\/cropped-Aude-Verniers-Reflexologie-plantaire-marcq-massage.png\",\"contentUrl\":\"https:\/\/reflexaude.fr\/wp-content\/uploads\/2024\/02\/cropped-Aude-Verniers-Reflexologie-plantaire-marcq-massage.png\",\"width\":1087,\"height\":674,\"caption\":\"Se ressourcer et repartir plus en confiance !\"},\"image\":{\"@id\":\"https:\/\/reflexaude.fr\/#\/schema\/logo\/image\/\"}},{\"@type\":\"Person\",\"@id\":\"https:\/\/reflexaude.fr\/#\/schema\/person\/ae946661af4f7c2efc48879682dbc692\",\"name\":\"admin3104\",\"image\":{\"@type\":\"ImageObject\",\"inLanguage\":\"fr-FR\",\"@id\":\"https:\/\/reflexaude.fr\/#\/schema\/person\/image\/\",\"url\":\"https:\/\/secure.gravatar.com\/avatar\/bc40e7b4ef7192ee6a305b21f3ab5bc27c3ea93d3f007e7f2bd74c3a1734ac38?s=96&d=mm&r=g\",\"contentUrl\":\"https:\/\/secure.gravatar.com\/avatar\/bc40e7b4ef7192ee6a305b21f3ab5bc27c3ea93d3f007e7f2bd74c3a1734ac38?s=96&d=mm&r=g\",\"caption\":\"admin3104\"},\"sameAs\":[\"https:\/\/www.facebook.com\/audeverniersreflexologue\",\"https:\/\/www.instagram.com\/reflexaude\/\"],\"url\":\"https:\/\/reflexaude.fr\/index.php\/author\/admin3104\/\"}]}<\/script>\n<!-- \/ Yoast SEO plugin. -->","yoast_head_json":{"title":"Carte Cadeau pour s\u00e9ance de R\u00e9flexologie Plantaire","description":"La bonne id\u00e9e : Offrez du mieux \u00eatre \u00e0 vos proches ! Commandez une carte cadeau pour une s\u00e9ance de r\u00e9flexologie sans bouger de chez vous !","robots":{"index":"index","follow":"follow","max-snippet":"max-snippet:-1","max-image-preview":"max-image-preview:large","max-video-preview":"max-video-preview:-1"},"canonical":"https:\/\/reflexaude.fr\/index.php\/2021\/01\/26\/carte-cadeau-pour-seance-de-reflexologie-plantaire\/","og_locale":"fr_FR","og_type":"article","og_title":"Carte Cadeau pour s\u00e9ance de R\u00e9flexologie Plantaire","og_description":"La bonne id\u00e9e : Offrez du mieux \u00eatre \u00e0 vos proches ! Commandez une carte cadeau pour une s\u00e9ance de r\u00e9flexologie sans bouger de chez vous !","og_url":"https:\/\/reflexaude.fr\/index.php\/2021\/01\/26\/carte-cadeau-pour-seance-de-reflexologie-plantaire\/","og_site_name":"Se ressourcer et repartir plus en confiance !","article_author":"https:\/\/www.facebook.com\/audeverniersreflexologue","article_published_time":"2021-01-26T14:28:24+00:00","article_modified_time":"2024-12-11T20:31:02+00:00","og_image":[{"width":1200,"height":851,"url":"https:\/\/reflexaude.fr\/wp-content\/uploads\/2020\/11\/Aude-Verniers-reflexologue-marcq-carte-cadeau.png","type":"image\/png"}],"author":"admin3104","twitter_card":"summary_large_image","twitter_misc":{"\u00c9crit par":"admin3104","Dur\u00e9e de lecture estim\u00e9e":"2 minutes"},"schema":{"@context":"https:\/\/schema.org","@graph":[{"@type":"Article","@id":"https:\/\/reflexaude.fr\/index.php\/2021\/01\/26\/carte-cadeau-pour-seance-de-reflexologie-plantaire\/#article","isPartOf":{"@id":"https:\/\/reflexaude.fr\/index.php\/2021\/01\/26\/carte-cadeau-pour-seance-de-reflexologie-plantaire\/"},"author":{"name":"admin3104","@id":"https:\/\/reflexaude.fr\/#\/schema\/person\/ae946661af4f7c2efc48879682dbc692"},"headline":"Carte Cadeau pour S\u00e9ance de R\u00e9flexologie","datePublished":"2021-01-26T14:28:24+00:00","dateModified":"2024-12-11T20:31:02+00:00","mainEntityOfPage":{"@id":"https:\/\/reflexaude.fr\/index.php\/2021\/01\/26\/carte-cadeau-pour-seance-de-reflexologie-plantaire\/"},"wordCount":202,"publisher":{"@id":"https:\/\/reflexaude.fr\/#organization"},"image":{"@id":"https:\/\/reflexaude.fr\/index.php\/2021\/01\/26\/carte-cadeau-pour-seance-de-reflexologie-plantaire\/#primaryimage"},"thumbnailUrl":"https:\/\/reflexaude.fr\/wp-content\/uploads\/2020\/11\/Aude-Verniers-reflexologue-marcq-carte-cadeau.png","articleSection":["3"],"inLanguage":"fr-FR"},{"@type":"WebPage","@id":"https:\/\/reflexaude.fr\/index.php\/2021\/01\/26\/carte-cadeau-pour-seance-de-reflexologie-plantaire\/","url":"https:\/\/reflexaude.fr\/index.php\/2021\/01\/26\/carte-cadeau-pour-seance-de-reflexologie-plantaire\/","name":"Carte Cadeau pour s\u00e9ance de R\u00e9flexologie Plantaire","isPartOf":{"@id":"https:\/\/reflexaude.fr\/#website"},"primaryImageOfPage":{"@id":"https:\/\/reflexaude.fr\/index.php\/2021\/01\/26\/carte-cadeau-pour-seance-de-reflexologie-plantaire\/#primaryimage"},"image":{"@id":"https:\/\/reflexaude.fr\/index.php\/2021\/01\/26\/carte-cadeau-pour-seance-de-reflexologie-plantaire\/#primaryimage"},"thumbnailUrl":"https:\/\/reflexaude.fr\/wp-content\/uploads\/2020\/11\/Aude-Verniers-reflexologue-marcq-carte-cadeau.png","datePublished":"2021-01-26T14:28:24+00:00","dateModified":"2024-12-11T20:31:02+00:00","description":"La bonne id\u00e9e : Offrez du mieux \u00eatre \u00e0 vos proches ! Commandez une carte cadeau pour une s\u00e9ance de r\u00e9flexologie sans bouger de chez vous !","breadcrumb":{"@id":"https:\/\/reflexaude.fr\/index.php\/2021\/01\/26\/carte-cadeau-pour-seance-de-reflexologie-plantaire\/#breadcrumb"},"inLanguage":"fr-FR","potentialAction":[{"@type":"ReadAction","target":["https:\/\/reflexaude.fr\/index.php\/2021\/01\/26\/carte-cadeau-pour-seance-de-reflexologie-plantaire\/"]}]},{"@type":"ImageObject","inLanguage":"fr-FR","@id":"https:\/\/reflexaude.fr\/index.php\/2021\/01\/26\/carte-cadeau-pour-seance-de-reflexologie-plantaire\/#primaryimage","url":"https:\/\/reflexaude.fr\/wp-content\/uploads\/2020\/11\/Aude-Verniers-reflexologue-marcq-carte-cadeau.png","contentUrl":"https:\/\/reflexaude.fr\/wp-content\/uploads\/2020\/11\/Aude-Verniers-reflexologue-marcq-carte-cadeau.png","width":1200,"height":851,"caption":"Aude Verniers reflexologie marcq carte cadeau"},{"@type":"BreadcrumbList","@id":"https:\/\/reflexaude.fr\/index.php\/2021\/01\/26\/carte-cadeau-pour-seance-de-reflexologie-plantaire\/#breadcrumb","itemListElement":[{"@type":"ListItem","position":1,"name":"Accueil","item":"https:\/\/reflexaude.fr\/"},{"@type":"ListItem","position":2,"name":"Carte Cadeau pour S\u00e9ance de R\u00e9flexologie"}]},{"@type":"WebSite","@id":"https:\/\/reflexaude.fr\/#website","url":"https:\/\/reflexaude.fr\/","name":"Se ressourcer et repartir plus en confiance !","description":"Cabinet R\u00e9flexaude - Marcq en Baroeul","publisher":{"@id":"https:\/\/reflexaude.fr\/#organization"},"potentialAction":[{"@type":"SearchAction","target":{"@type":"EntryPoint","urlTemplate":"https:\/\/reflexaude.fr\/?s={search_term_string}"},"query-input":{"@type":"PropertyValueSpecification","valueRequired":true,"valueName":"search_term_string"}}],"inLanguage":"fr-FR"},{"@type":"Organization","@id":"https:\/\/reflexaude.fr\/#organization","name":"Se ressourcer et repartir plus en confiance !","url":"https:\/\/reflexaude.fr\/","logo":{"@type":"ImageObject","inLanguage":"fr-FR","@id":"https:\/\/reflexaude.fr\/#\/schema\/logo\/image\/","url":"https:\/\/reflexaude.fr\/wp-content\/uploads\/2024\/02\/cropped-Aude-Verniers-Reflexologie-plantaire-marcq-massage.png","contentUrl":"https:\/\/reflexaude.fr\/wp-content\/uploads\/2024\/02\/cropped-Aude-Verniers-Reflexologie-plantaire-marcq-massage.png","width":1087,"height":674,"caption":"Se ressourcer et repartir plus en confiance !"},"image":{"@id":"https:\/\/reflexaude.fr\/#\/schema\/logo\/image\/"}},{"@type":"Person","@id":"https:\/\/reflexaude.fr\/#\/schema\/person\/ae946661af4f7c2efc48879682dbc692","name":"admin3104","image":{"@type":"ImageObject","inLanguage":"fr-FR","@id":"https:\/\/reflexaude.fr\/#\/schema\/person\/image\/","url":"https:\/\/secure.gravatar.com\/avatar\/bc40e7b4ef7192ee6a305b21f3ab5bc27c3ea93d3f007e7f2bd74c3a1734ac38?s=96&d=mm&r=g","contentUrl":"https:\/\/secure.gravatar.com\/avatar\/bc40e7b4ef7192ee6a305b21f3ab5bc27c3ea93d3f007e7f2bd74c3a1734ac38?s=96&d=mm&r=g","caption":"admin3104"},"sameAs":["https:\/\/www.facebook.com\/audeverniersreflexologue","https:\/\/www.instagram.com\/reflexaude\/"],"url":"https:\/\/reflexaude.fr\/index.php\/author\/admin3104\/"}]}},"_links":{"self":[{"href":"https:\/\/reflexaude.fr\/index.php\/wp-json\/wp\/v2\/posts\/386","targetHints":{"allow":["GET"]}}],"collection":[{"href":"https:\/\/reflexaude.fr\/index.php\/wp-json\/wp\/v2\/posts"}],"about":[{"href":"https:\/\/reflexaude.fr\/index.php\/wp-json\/wp\/v2\/types\/post"}],"author":[{"embeddable":true,"href":"https:\/\/reflexaude.fr\/index.php\/wp-json\/wp\/v2\/users\/1"}],"replies":[{"embeddable":true,"href":"https:\/\/reflexaude.fr\/index.php\/wp-json\/wp\/v2\/comments?post=386"}],"version-history":[{"count":19,"href":"https:\/\/reflexaude.fr\/index.php\/wp-json\/wp\/v2\/posts\/386\/revisions"}],"predecessor-version":[{"id":1140,"href":"https:\/\/reflexaude.fr\/index.php\/wp-json\/wp\/v2\/posts\/386\/revisions\/1140"}],"wp:featuredmedia":[{"embeddable":true,"href":"https:\/\/reflexaude.fr\/index.php\/wp-json\/wp\/v2\/media\/1060"}],"wp:attachment":[{"href":"https:\/\/reflexaude.fr\/index.php\/wp-json\/wp\/v2\/media?parent=386"}],"wp:term":[{"taxonomy":"category","embeddable":true,"href":"https:\/\/reflexaude.fr\/index.php\/wp-json\/wp\/v2\/categories?post=386"},{"taxonomy":"post_tag","embeddable":true,"href":"https:\/\/reflexaude.fr\/index.php\/wp-json\/wp\/v2\/tags?post=386"}],"curies":[{"name":"wp","href":"https:\/\/api.w.org\/{rel}","templated":true}]}}